{"id":108,"date":"2022-03-16T13:16:18","date_gmt":"2022-03-16T12:16:18","guid":{"rendered":"http:\/\/localhost\/wordpress\/?p=108"},"modified":"2022-03-16T13:16:18","modified_gmt":"2022-03-16T12:16:18","slug":"xiii-krajowe-warsztaty-kompatybilnosci-elektromagnetycznej","status":"publish","type":"post","link":"https:\/\/warsztaty-emc.pwr.edu.pl\/2022\/2022\/03\/16\/xiii-krajowe-warsztaty-kompatybilnosci-elektromagnetycznej\/","title":{"rendered":"Tematyka XIII Krajowych Warsztat\u00f3w Kompatybilno\u015bci Elektromagnetycznej"},"content":{"rendered":"\n<p>Podczas XIII Krajowych Warsztat\u00f3w EMC w 2022 roku przewidziano jako jeden z g\u0142\u00f3wnych temat\u00f3w, om\u00f3wienie zagadnie\u0144 kompatybilno\u015bci elektromagnetycznej zwi\u0105zanej z odnawialnymi \u017ar\u00f3d\u0142ami energii (OZE) w szczeg\u00f3lno\u015bci zwi\u0105zanych z systemami fotowoltaiki i farm wiatrowych. W programie Warsztat\u00f3w zaplanowano tak\u017ce sesje poruszaj\u0105ce problematyk\u0119 bada\u0144 oraz wymaga\u0144 technicznych dotycz\u0105cych pojazd\u00f3w elektrycznych oraz zwi\u0105zanych z nimi system\u00f3w do ich \u0142adowania. W trakcie Warsztat\u00f3w poruszone b\u0119d\u0105 r\u00f3wnie\u017c zagadnienia powi\u0105zane z dyrektyw\u0105 RED i badaniami urz\u0105dze\u0144 wykorzystuj\u0105cych systemy radiowe. Na tegorocznych Warsztatach zaplanowano r\u00f3wnie\u017c sesje dotycz\u0105ce ochronny ludzi i \u015brodowiska przed ekspozycj\u0105 na pola EM m.in w zakresie system\u00f3w 5G. Tradycyjnie podczas Warsztat\u00f3w odb\u0119d\u0105 si\u0119 te\u017c sesje po\u015bwi\u0119cone systemom jako\u015bci w laboratoriach badawczych i wzorcuj\u0105cych. W ramach tych sesji planowane s\u0105 referaty oraz panel dyskusyjny zwi\u0105zany z zagadnieniem stwierdzenia zgodno\u015bci (oceny zgodno\u015bci) badanego obiektu podczas bada\u0144 EMC. Przeprowadzone zostan\u0105 tak\u017ce por\u00f3wnania mi\u0119dzy laboratoryjne w zakresie pomiaru parametr\u00f3w pola elektromagnetycznego organizowane przez Laboratorium Wzorc\u00f3w i Metrologii P\u00f3l Elektromagnetycznych.<\/p>\n","protected":false},"excerpt":{"rendered":"<p>Zobacz co b\u0119dzie tematem XIII Krajowych Warsztat\u00f3w EMC w 2022 roku.<\/p>\n","protected":false},"author":1,"featured_media":0,"comment_status":"closed","ping_status":"closed","sticky":true,"template":"","format":"standard","meta":{"footnotes":""},"categories":[2],"tags":[],"class_list":["post-108","post","type-post","status-publish","format-standard","hentry","category-aktualnosci","no-post-thumbnail"],"featured_image_src":null,"author_info":{"display_name":"waremc_pwr","author_link":"https:\/\/warsztaty-emc.pwr.edu.pl\/2022\/author\/waremc_pwr\/"},"yoast_head":"<!-- This site is optimized with the Yoast SEO plugin v27.3 - https:\/\/yoast.com\/product\/yoast-seo-wordpress\/ -->\n<title>Tematyka XIII Krajowych Warsztat\u00f3w Kompatybilno\u015bci Elektromagnetycznej - Warsztaty EMC 2022<\/title>\n<meta name=\"robots\" content=\"index, follow, max-snippet:-1, max-image-preview:large, max-video-preview:-1\" \/>\n<link rel=\"canonical\" href=\"https:\/\/warsztaty-emc.pwr.edu.pl\/2022\/2022\/03\/16\/xiii-krajowe-warsztaty-kompatybilnosci-elektromagnetycznej\/\" \/>\n<meta property=\"og:locale\" content=\"pl_PL\" \/>\n<meta property=\"og:type\" content=\"article\" \/>\n<meta property=\"og:title\" content=\"Tematyka XIII Krajowych Warsztat\u00f3w Kompatybilno\u015bci Elektromagnetycznej - Warsztaty EMC 2022\" \/>\n<meta property=\"og:description\" content=\"Zobacz co b\u0119dzie tematem XIII Krajowych Warsztat\u00f3w EMC w 2022 roku.\" \/>\n<meta property=\"og:url\" content=\"https:\/\/warsztaty-emc.pwr.edu.pl\/2022\/2022\/03\/16\/xiii-krajowe-warsztaty-kompatybilnosci-elektromagnetycznej\/\" \/>\n<meta property=\"og:site_name\" content=\"Warsztaty EMC 2022\" \/>\n<meta property=\"article:published_time\" content=\"2022-03-16T12:16:18+00:00\" \/>\n<meta name=\"author\" content=\"waremc_pwr\" \/>\n<meta name=\"twitter:card\" content=\"summary_large_image\" \/>\n<meta name=\"twitter:label1\" content=\"Napisane przez\" \/>\n\t<meta name=\"twitter:data1\" content=\"waremc_pwr\" \/>\n\t<meta name=\"twitter:label2\" content=\"Szacowany czas czytania\" \/>\n\t<meta name=\"twitter:data2\" content=\"1 minuta\" \/>\n<script type=\"application\/ld+json\" class=\"yoast-schema-graph\">{\"@context\":\"https:\\\/\\\/schema.org\",\"@graph\":[{\"@type\":\"Article\",\"@id\":\"https:\\\/\\\/warsztaty-emc.pwr.edu.pl\\\/2022\\\/2022\\\/03\\\/16\\\/xiii-krajowe-warsztaty-kompatybilnosci-elektromagnetycznej\\\/#article\",\"isPartOf\":{\"@id\":\"https:\\\/\\\/warsztaty-emc.pwr.edu.pl\\\/2022\\\/2022\\\/03\\\/16\\\/xiii-krajowe-warsztaty-kompatybilnosci-elektromagnetycznej\\\/\"},\"author\":{\"name\":\"waremc_pwr\",\"@id\":\"https:\\\/\\\/warsztaty-emc.pwr.edu.pl\\\/2022\\\/#\\\/schema\\\/person\\\/d608739692f03f267fcdb668a138e3ae\"},\"headline\":\"Tematyka XIII Krajowych Warsztat\u00f3w Kompatybilno\u015bci Elektromagnetycznej\",\"datePublished\":\"2022-03-16T12:16:18+00:00\",\"mainEntityOfPage\":{\"@id\":\"https:\\\/\\\/warsztaty-emc.pwr.edu.pl\\\/2022\\\/2022\\\/03\\\/16\\\/xiii-krajowe-warsztaty-kompatybilnosci-elektromagnetycznej\\\/\"},\"wordCount\":201,\"publisher\":{\"@id\":\"https:\\\/\\\/warsztaty-emc.pwr.edu.pl\\\/2022\\\/#organization\"},\"articleSection\":[\"Aktualno\u015bci\"],\"inLanguage\":\"pl-PL\"},{\"@type\":\"WebPage\",\"@id\":\"https:\\\/\\\/warsztaty-emc.pwr.edu.pl\\\/2022\\\/2022\\\/03\\\/16\\\/xiii-krajowe-warsztaty-kompatybilnosci-elektromagnetycznej\\\/\",\"url\":\"https:\\\/\\\/warsztaty-emc.pwr.edu.pl\\\/2022\\\/2022\\\/03\\\/16\\\/xiii-krajowe-warsztaty-kompatybilnosci-elektromagnetycznej\\\/\",\"name\":\"Tematyka XIII Krajowych Warsztat\u00f3w Kompatybilno\u015bci Elektromagnetycznej - Warsztaty EMC 2022\",\"isPartOf\":{\"@id\":\"https:\\\/\\\/warsztaty-emc.pwr.edu.pl\\\/2022\\\/#website\"},\"datePublished\":\"2022-03-16T12:16:18+00:00\",\"breadcrumb\":{\"@id\":\"https:\\\/\\\/warsztaty-emc.pwr.edu.pl\\\/2022\\\/2022\\\/03\\\/16\\\/xiii-krajowe-warsztaty-kompatybilnosci-elektromagnetycznej\\\/#breadcrumb\"},\"inLanguage\":\"pl-PL\",\"potentialAction\":[{\"@type\":\"ReadAction\",\"target\":[\"https:\\\/\\\/warsztaty-emc.pwr.edu.pl\\\/2022\\\/2022\\\/03\\\/16\\\/xiii-krajowe-warsztaty-kompatybilnosci-elektromagnetycznej\\\/\"]}]},{\"@type\":\"BreadcrumbList\",\"@id\":\"https:\\\/\\\/warsztaty-emc.pwr.edu.pl\\\/2022\\\/2022\\\/03\\\/16\\\/xiii-krajowe-warsztaty-kompatybilnosci-elektromagnetycznej\\\/#breadcrumb\",\"itemListElement\":[{\"@type\":\"ListItem\",\"position\":1,\"name\":\"Strona g\u0142\u00f3wna\",\"item\":\"https:\\\/\\\/warsztaty-emc.pwr.edu.pl\\\/2022\\\/\"},{\"@type\":\"ListItem\",\"position\":2,\"name\":\"Tematyka XIII Krajowych Warsztat\u00f3w Kompatybilno\u015bci Elektromagnetycznej\"}]},{\"@type\":\"WebSite\",\"@id\":\"https:\\\/\\\/warsztaty-emc.pwr.edu.pl\\\/2022\\\/#website\",\"url\":\"https:\\\/\\\/warsztaty-emc.pwr.edu.pl\\\/2022\\\/\",\"name\":\"Warsztaty EMC 2022\",\"description\":\"XIII Krajowe Warsztaty EMC\",\"publisher\":{\"@id\":\"https:\\\/\\\/warsztaty-emc.pwr.edu.pl\\\/2022\\\/#organization\"},\"potentialAction\":[{\"@type\":\"SearchAction\",\"target\":{\"@type\":\"EntryPoint\",\"urlTemplate\":\"https:\\\/\\\/warsztaty-emc.pwr.edu.pl\\\/2022\\\/?s={search_term_string}\"},\"query-input\":{\"@type\":\"PropertyValueSpecification\",\"valueRequired\":true,\"valueName\":\"search_term_string\"}}],\"inLanguage\":\"pl-PL\"},{\"@type\":\"Organization\",\"@id\":\"https:\\\/\\\/warsztaty-emc.pwr.edu.pl\\\/2022\\\/#organization\",\"name\":\"Warsztaty EMC 2022\",\"url\":\"https:\\\/\\\/warsztaty-emc.pwr.edu.pl\\\/2022\\\/\",\"logo\":{\"@type\":\"ImageObject\",\"inLanguage\":\"pl-PL\",\"@id\":\"https:\\\/\\\/warsztaty-emc.pwr.edu.pl\\\/2022\\\/#\\\/schema\\\/logo\\\/image\\\/\",\"url\":\"https:\\\/\\\/warsztaty-emc.pwr.edu.pl\\\/2022\\\/wp-content\\\/uploads\\\/sites\\\/3\\\/2026\\\/02\\\/logo-odnowione_wieksze.png\",\"contentUrl\":\"https:\\\/\\\/warsztaty-emc.pwr.edu.pl\\\/2022\\\/wp-content\\\/uploads\\\/sites\\\/3\\\/2026\\\/02\\\/logo-odnowione_wieksze.png\",\"width\":460,\"height\":50,\"caption\":\"Warsztaty EMC 2022\"},\"image\":{\"@id\":\"https:\\\/\\\/warsztaty-emc.pwr.edu.pl\\\/2022\\\/#\\\/schema\\\/logo\\\/image\\\/\"}},{\"@type\":\"Person\",\"@id\":\"https:\\\/\\\/warsztaty-emc.pwr.edu.pl\\\/2022\\\/#\\\/schema\\\/person\\\/d608739692f03f267fcdb668a138e3ae\",\"name\":\"waremc_pwr\",\"image\":{\"@type\":\"ImageObject\",\"inLanguage\":\"pl-PL\",\"@id\":\"https:\\\/\\\/secure.gravatar.com\\\/avatar\\\/0d661cc214fab41304089f6c778387366141b05e3b840ad3abb15150c2b6aac7?s=96&d=mm&r=g\",\"url\":\"https:\\\/\\\/secure.gravatar.com\\\/avatar\\\/0d661cc214fab41304089f6c778387366141b05e3b840ad3abb15150c2b6aac7?s=96&d=mm&r=g\",\"contentUrl\":\"https:\\\/\\\/secure.gravatar.com\\\/avatar\\\/0d661cc214fab41304089f6c778387366141b05e3b840ad3abb15150c2b6aac7?s=96&d=mm&r=g\",\"caption\":\"waremc_pwr\"},\"sameAs\":[\"https:\\\/\\\/warsztaty-emc.pwr.edu.pl\\\/\"],\"url\":\"https:\\\/\\\/warsztaty-emc.pwr.edu.pl\\\/2022\\\/author\\\/waremc_pwr\\\/\"}]}<\/script>\n<!-- \/ Yoast SEO plugin. -->","yoast_head_json":{"title":"Tematyka XIII Krajowych Warsztat\u00f3w Kompatybilno\u015bci Elektromagnetycznej - Warsztaty EMC 2022","robots":{"index":"index","follow":"follow","max-snippet":"max-snippet:-1","max-image-preview":"max-image-preview:large","max-video-preview":"max-video-preview:-1"},"canonical":"https:\/\/warsztaty-emc.pwr.edu.pl\/2022\/2022\/03\/16\/xiii-krajowe-warsztaty-kompatybilnosci-elektromagnetycznej\/","og_locale":"pl_PL","og_type":"article","og_title":"Tematyka XIII Krajowych Warsztat\u00f3w Kompatybilno\u015bci Elektromagnetycznej - Warsztaty EMC 2022","og_description":"Zobacz co b\u0119dzie tematem XIII Krajowych Warsztat\u00f3w EMC w 2022 roku.","og_url":"https:\/\/warsztaty-emc.pwr.edu.pl\/2022\/2022\/03\/16\/xiii-krajowe-warsztaty-kompatybilnosci-elektromagnetycznej\/","og_site_name":"Warsztaty EMC 2022","article_published_time":"2022-03-16T12:16:18+00:00","author":"waremc_pwr","twitter_card":"summary_large_image","twitter_misc":{"Napisane przez":"waremc_pwr","Szacowany czas czytania":"1 minuta"},"schema":{"@context":"https:\/\/schema.org","@graph":[{"@type":"Article","@id":"https:\/\/warsztaty-emc.pwr.edu.pl\/2022\/2022\/03\/16\/xiii-krajowe-warsztaty-kompatybilnosci-elektromagnetycznej\/#article","isPartOf":{"@id":"https:\/\/warsztaty-emc.pwr.edu.pl\/2022\/2022\/03\/16\/xiii-krajowe-warsztaty-kompatybilnosci-elektromagnetycznej\/"},"author":{"name":"waremc_pwr","@id":"https:\/\/warsztaty-emc.pwr.edu.pl\/2022\/#\/schema\/person\/d608739692f03f267fcdb668a138e3ae"},"headline":"Tematyka XIII Krajowych Warsztat\u00f3w Kompatybilno\u015bci Elektromagnetycznej","datePublished":"2022-03-16T12:16:18+00:00","mainEntityOfPage":{"@id":"https:\/\/warsztaty-emc.pwr.edu.pl\/2022\/2022\/03\/16\/xiii-krajowe-warsztaty-kompatybilnosci-elektromagnetycznej\/"},"wordCount":201,"publisher":{"@id":"https:\/\/warsztaty-emc.pwr.edu.pl\/2022\/#organization"},"articleSection":["Aktualno\u015bci"],"inLanguage":"pl-PL"},{"@type":"WebPage","@id":"https:\/\/warsztaty-emc.pwr.edu.pl\/2022\/2022\/03\/16\/xiii-krajowe-warsztaty-kompatybilnosci-elektromagnetycznej\/","url":"https:\/\/warsztaty-emc.pwr.edu.pl\/2022\/2022\/03\/16\/xiii-krajowe-warsztaty-kompatybilnosci-elektromagnetycznej\/","name":"Tematyka XIII Krajowych Warsztat\u00f3w Kompatybilno\u015bci Elektromagnetycznej - Warsztaty EMC 2022","isPartOf":{"@id":"https:\/\/warsztaty-emc.pwr.edu.pl\/2022\/#website"},"datePublished":"2022-03-16T12:16:18+00:00","breadcrumb":{"@id":"https:\/\/warsztaty-emc.pwr.edu.pl\/2022\/2022\/03\/16\/xiii-krajowe-warsztaty-kompatybilnosci-elektromagnetycznej\/#breadcrumb"},"inLanguage":"pl-PL","potentialAction":[{"@type":"ReadAction","target":["https:\/\/warsztaty-emc.pwr.edu.pl\/2022\/2022\/03\/16\/xiii-krajowe-warsztaty-kompatybilnosci-elektromagnetycznej\/"]}]},{"@type":"BreadcrumbList","@id":"https:\/\/warsztaty-emc.pwr.edu.pl\/2022\/2022\/03\/16\/xiii-krajowe-warsztaty-kompatybilnosci-elektromagnetycznej\/#breadcrumb","itemListElement":[{"@type":"ListItem","position":1,"name":"Strona g\u0142\u00f3wna","item":"https:\/\/warsztaty-emc.pwr.edu.pl\/2022\/"},{"@type":"ListItem","position":2,"name":"Tematyka XIII Krajowych Warsztat\u00f3w Kompatybilno\u015bci Elektromagnetycznej"}]},{"@type":"WebSite","@id":"https:\/\/warsztaty-emc.pwr.edu.pl\/2022\/#website","url":"https:\/\/warsztaty-emc.pwr.edu.pl\/2022\/","name":"Warsztaty EMC 2022","description":"XIII Krajowe Warsztaty EMC","publisher":{"@id":"https:\/\/warsztaty-emc.pwr.edu.pl\/2022\/#organization"},"potentialAction":[{"@type":"SearchAction","target":{"@type":"EntryPoint","urlTemplate":"https:\/\/warsztaty-emc.pwr.edu.pl\/2022\/?s={search_term_string}"},"query-input":{"@type":"PropertyValueSpecification","valueRequired":true,"valueName":"search_term_string"}}],"inLanguage":"pl-PL"},{"@type":"Organization","@id":"https:\/\/warsztaty-emc.pwr.edu.pl\/2022\/#organization","name":"Warsztaty EMC 2022","url":"https:\/\/warsztaty-emc.pwr.edu.pl\/2022\/","logo":{"@type":"ImageObject","inLanguage":"pl-PL","@id":"https:\/\/warsztaty-emc.pwr.edu.pl\/2022\/#\/schema\/logo\/image\/","url":"https:\/\/warsztaty-emc.pwr.edu.pl\/2022\/wp-content\/uploads\/sites\/3\/2026\/02\/logo-odnowione_wieksze.png","contentUrl":"https:\/\/warsztaty-emc.pwr.edu.pl\/2022\/wp-content\/uploads\/sites\/3\/2026\/02\/logo-odnowione_wieksze.png","width":460,"height":50,"caption":"Warsztaty EMC 2022"},"image":{"@id":"https:\/\/warsztaty-emc.pwr.edu.pl\/2022\/#\/schema\/logo\/image\/"}},{"@type":"Person","@id":"https:\/\/warsztaty-emc.pwr.edu.pl\/2022\/#\/schema\/person\/d608739692f03f267fcdb668a138e3ae","name":"waremc_pwr","image":{"@type":"ImageObject","inLanguage":"pl-PL","@id":"https:\/\/secure.gravatar.com\/avatar\/0d661cc214fab41304089f6c778387366141b05e3b840ad3abb15150c2b6aac7?s=96&d=mm&r=g","url":"https:\/\/secure.gravatar.com\/avatar\/0d661cc214fab41304089f6c778387366141b05e3b840ad3abb15150c2b6aac7?s=96&d=mm&r=g","contentUrl":"https:\/\/secure.gravatar.com\/avatar\/0d661cc214fab41304089f6c778387366141b05e3b840ad3abb15150c2b6aac7?s=96&d=mm&r=g","caption":"waremc_pwr"},"sameAs":["https:\/\/warsztaty-emc.pwr.edu.pl\/"],"url":"https:\/\/warsztaty-emc.pwr.edu.pl\/2022\/author\/waremc_pwr\/"}]}},"_links":{"self":[{"href":"https:\/\/warsztaty-emc.pwr.edu.pl\/2022\/wp-json\/wp\/v2\/posts\/108","targetHints":{"allow":["GET"]}}],"collection":[{"href":"https:\/\/warsztaty-emc.pwr.edu.pl\/2022\/wp-json\/wp\/v2\/posts"}],"about":[{"href":"https:\/\/warsztaty-emc.pwr.edu.pl\/2022\/wp-json\/wp\/v2\/types\/post"}],"author":[{"embeddable":true,"href":"https:\/\/warsztaty-emc.pwr.edu.pl\/2022\/wp-json\/wp\/v2\/users\/1"}],"replies":[{"embeddable":true,"href":"https:\/\/warsztaty-emc.pwr.edu.pl\/2022\/wp-json\/wp\/v2\/comments?post=108"}],"version-history":[{"count":0,"href":"https:\/\/warsztaty-emc.pwr.edu.pl\/2022\/wp-json\/wp\/v2\/posts\/108\/revisions"}],"wp:attachment":[{"href":"https:\/\/warsztaty-emc.pwr.edu.pl\/2022\/wp-json\/wp\/v2\/media?parent=108"}],"wp:term":[{"taxonomy":"category","embeddable":true,"href":"https:\/\/warsztaty-emc.pwr.edu.pl\/2022\/wp-json\/wp\/v2\/categories?post=108"},{"taxonomy":"post_tag","embeddable":true,"href":"https:\/\/warsztaty-emc.pwr.edu.pl\/2022\/wp-json\/wp\/v2\/tags?post=108"}],"curies":[{"name":"wp","href":"https:\/\/api.w.org\/{rel}","templated":true}]}}